{"id":983,"date":"2011-09-08T16:21:47","date_gmt":"2011-09-08T16:21:47","guid":{"rendered":""},"modified":"2013-07-30T09:40:12","modified_gmt":"2013-07-30T08:40:12","slug":"magnitude-9-en-libraire","status":"publish","type":"post","link":"https:\/\/www.vincentleveque.com\/?p=983","title":{"rendered":"magnitude 9 en libraire"},"content":{"rendered":"<p>L&rsquo;ouvrage collectif<a href=\"http:\/\/cfsl.net\/tsunami\/\" target=\"_blank\"> \u00ab\u00a0magnitude 9\u00a0\u00bb<\/a> en faveur de la population japonaise touch\u00e9e par le tremblement de terre et le tsunami du 11 mars 2011 vient d&rsquo;arriver en librairie aujourd&rsquo;hui. Je suis tr\u00e8s touch\u00e9 d&rsquo;avoir pu apport\u00e9 ma petite contribution \u00e0 cette belle initiative avec une illustration.<\/p>\n<p>Si vous aimez les artbooks et que vous voulez faire un beau geste, n&rsquo;h\u00e9sitez pas \u00e0 acheter ce livre qui r\u00e9unit les contributions de plus de 200 artistes internationaux solidaires des victimes de cette catastrophe.<\/p>\n","protected":false},"excerpt":{"rendered":"<p>L&rsquo;ouvrage collectif \u00ab\u00a0magnitude 9\u00a0\u00bb en faveur de la population japonaise touch\u00e9e par le tremblement de terre et le tsunami du 11 mars 2011 vient d&rsquo;arriver en librairie aujourd&rsquo;hui. Je suis tr\u00e8s touch\u00e9 d&rsquo;avoir pu apport\u00e9 ma petite contribution \u00e0 cette belle initiative avec une illustration. Si vous aimez les artbooks et que vous voulez faire un beau geste, n&rsquo;h\u00e9sitez pas \u00e0 acheter ce livre qui r\u00e9unit les contributions de plus de 200 artistes internationaux solidaires des victimes de cette catastrophe.<\/p>\n","protected":false},"author":1,"featured_media":2976,"comment_status":"open","ping_status":"open","sticky":false,"template":"","format":"gallery","meta":[],"categories":[1,26],"tags":[],"_links":{"self":[{"href":"https:\/\/www.vincentleveque.com\/index.php?rest_route=\/wp\/v2\/posts\/983"}],"collection":[{"href":"https:\/\/www.vincentleveque.com\/index.php?rest_route=\/wp\/v2\/posts"}],"about":[{"href":"https:\/\/www.vincentleveque.com\/index.php?rest_route=\/wp\/v2\/types\/post"}],"author":[{"embeddable":true,"href":"https:\/\/www.vincentleveque.com\/index.php?rest_route=\/wp\/v2\/users\/1"}],"replies":[{"embeddable":true,"href":"https:\/\/www.vincentleveque.com\/index.php?rest_route=%2Fwp%2Fv2%2Fcomments&post=983"}],"version-history":[{"count":4,"href":"https:\/\/www.vincentleveque.com\/index.php?rest_route=\/wp\/v2\/posts\/983\/revisions"}],"predecessor-version":[{"id":5837,"href":"https:\/\/www.vincentleveque.com\/index.php?rest_route=\/wp\/v2\/posts\/983\/revisions\/5837"}],"wp:featuredmedia":[{"embeddable":true,"href":"https:\/\/www.vincentleveque.com\/index.php?rest_route=\/wp\/v2\/media\/2976"}],"wp:attachment":[{"href":"https:\/\/www.vincentleveque.com\/index.php?rest_route=%2Fwp%2Fv2%2Fmedia&parent=983"}],"wp:term":[{"taxonomy":"category","embeddable":true,"href":"https:\/\/www.vincentleveque.com\/index.php?rest_route=%2Fwp%2Fv2%2Fcategories&post=983"},{"taxonomy":"post_tag","embeddable":true,"href":"https:\/\/www.vincentleveque.com\/index.php?rest_route=%2Fwp%2Fv2%2Ftags&post=983"}],"curies":[{"name":"wp","href":"https:\/\/api.w.org\/{rel}","templated":true}]}}