{"id":962,"date":"2011-05-31T14:20:39","date_gmt":"2011-05-31T14:20:39","guid":{"rendered":""},"modified":"2013-08-01T09:15:32","modified_gmt":"2013-08-01T08:15:32","slug":"journee-mondiale-sans-tabac","status":"publish","type":"post","link":"https:\/\/www.vincentleveque.com\/?p=962","title":{"rendered":"Journ\u00e9e Mondiale sans Tabac"},"content":{"rendered":"<p>C&rsquo;est la Journ\u00e9e Mondiale sans Tabac aujourd&rsquo;hui, pour l&rsquo;occasion j&rsquo;ai cr\u00e9\u00e9 4 visuels sur les id\u00e9es re\u00e7ues autour du tabagisme pour des autocollants \u00e9dit\u00e9s par l&rsquo;<a href=\"http:\/\/ecla.eclat-graa.org\/ecla\/Accueil\/default.asp\" target=\"_blank\">ECLAT-GRAA<\/a> et distribu\u00e9s dans les \u00e9tablissement scolaires du Nord Pas-de-Calais.<\/p>\n","protected":false},"excerpt":{"rendered":"<p>C&rsquo;est la Journ\u00e9e Mondiale sans Tabac aujourd&rsquo;hui, pour l&rsquo;occasion j&rsquo;ai cr\u00e9\u00e9 4 visuels sur les id\u00e9es re\u00e7ues autour du tabagisme pour des autocollants \u00e9dit\u00e9s par l&rsquo;ECLAT-GRAA et distribu\u00e9s dans les \u00e9tablissement scolaires du Nord Pas-de-Calais.<\/p>\n","protected":false},"author":1,"featured_media":3027,"comment_status":"open","ping_status":"open","sticky":false,"template":"","format":"gallery","meta":[],"categories":[1,27],"tags":[],"_links":{"self":[{"href":"https:\/\/www.vincentleveque.com\/index.php?rest_route=\/wp\/v2\/posts\/962"}],"collection":[{"href":"https:\/\/www.vincentleveque.com\/index.php?rest_route=\/wp\/v2\/posts"}],"about":[{"href":"https:\/\/www.vincentleveque.com\/index.php?rest_route=\/wp\/v2\/types\/post"}],"author":[{"embeddable":true,"href":"https:\/\/www.vincentleveque.com\/index.php?rest_route=\/wp\/v2\/users\/1"}],"replies":[{"embeddable":true,"href":"https:\/\/www.vincentleveque.com\/index.php?rest_route=%2Fwp%2Fv2%2Fcomments&post=962"}],"version-history":[{"count":5,"href":"https:\/\/www.vincentleveque.com\/index.php?rest_route=\/wp\/v2\/posts\/962\/revisions"}],"predecessor-version":[{"id":5920,"href":"https:\/\/www.vincentleveque.com\/index.php?rest_route=\/wp\/v2\/posts\/962\/revisions\/5920"}],"wp:featuredmedia":[{"embeddable":true,"href":"https:\/\/www.vincentleveque.com\/index.php?rest_route=\/wp\/v2\/media\/3027"}],"wp:attachment":[{"href":"https:\/\/www.vincentleveque.com\/index.php?rest_route=%2Fwp%2Fv2%2Fmedia&parent=962"}],"wp:term":[{"taxonomy":"category","embeddable":true,"href":"https:\/\/www.vincentleveque.com\/index.php?rest_route=%2Fwp%2Fv2%2Fcategories&post=962"},{"taxonomy":"post_tag","embeddable":true,"href":"https:\/\/www.vincentleveque.com\/index.php?rest_route=%2Fwp%2Fv2%2Ftags&post=962"}],"curies":[{"name":"wp","href":"https:\/\/api.w.org\/{rel}","templated":true}]}}